{"id":456,"date":"2025-02-28T10:07:24","date_gmt":"2025-02-28T10:07:24","guid":{"rendered":"https:\/\/ordination-schwarzau.at\/?p=456"},"modified":"2025-02-28T10:21:39","modified_gmt":"2025-02-28T10:21:39","slug":"456","status":"publish","type":"post","link":"https:\/\/ordination-schwarzau.at\/index.php\/2025\/02\/28\/456\/","title":{"rendered":"Ank\u00fcndigung"},"content":{"rendered":"<div class=\"post-content\">\n<ol class=\"wp-block-list\">\n<li>Im Rahmen des <mark class=\"has-inline-color has-vivid-red-color\">DIABETES-AKTIV-PROGRAMMES<\/mark> der \u00d6GK bieten wir durch ein professionelles ausgebildetes Team mit Dr. ZAVROU und DGKP SCHERLEITHNER Gruppenschulungen f\u00fcr Patienten mit Diabetes an. Das n\u00e4chste Schulungsmodul besteht aus 3 Termine ( 6.3.2025, 18.3.2025 und 25.3.2025) Ab sofort ist eine Anmeldung in der Ordination m\u00f6glich. Wir z\u00e4hlen auf IHR Interesse.<\/li>\n<li class=\"has-large-font-size\"><mark class=\"has-inline-color has-vivid-green-cyan-color\">Voraussichtliche Urlaubstage f\u00fcr 2025: <\/mark>\n<ul class=\"wp-block-list\">\n<li>J\u00e4nner 2025: 30.1.2025<\/li>\n<li>April 2025: 14.4. bis 22.4.<\/li>\n<li>Juni 2025: 16.6. bis 18.6.<\/li>\n<li>Juli 2025: 21.7. bis 31.7.<\/li>\n<li>Oktober 2025: 27.10. bis 30.10.<\/li>\n<li>Dezember 2025: 22.12 und 23.12.<\/li>\n<\/ul>\n<\/li>\n<\/ol>\n<\/div>\n","protected":false},"excerpt":{"rendered":"<p>Im Rahmen des DIABETES-AKTIV-PROGRAMMES der \u00d6GK bieten wir durch ein professionelles ausgebildetes Team mit Dr. ZAVROU und DGKP SCHERLEITHNER Gruppenschulungen f\u00fcr Patienten mit Diabetes an. Das n\u00e4chste Schulungsmodul besteht aus 3 Termine ( 6.3.2025, 18.3.2025 und 25.3.2025) Ab sofort ist eine Anmeldung in der Ordination m\u00f6glich. Wir z\u00e4hlen auf IHR Interesse. Voraussichtliche Urlaubstage f\u00fcr 2025: J\u00e4nner 2025: 30.1.2025 April 2025: 14.4. bis 22.4. Juni 2025: 16.6. bis 18.6. Juli 2025: 21.7. bis 31.7. Oktober 2025: 27.10. bis 30.10. Dezember 2025: 22.12 und 23.12.<\/p>\n","protected":false},"author":2,"featured_media":468,"comment_status":"closed","ping_status":"closed","sticky":false,"template":"","format":"standard","meta":{"footnotes":""},"categories":[11],"tags":[],"class_list":["post-456","post","type-post","status-publish","format-standard","has-post-thumbnail","hentry","category-ankuendigung"],"yoast_head":"<!-- This site is optimized with the Yoast SEO plugin v27.5 - https:\/\/yoast.com\/product\/yoast-seo-wordpress\/ -->\n<title>Ank\u00fcndigung - Ordination Dr. Koderhold-Omasits<\/title>\n<meta name=\"robots\" content=\"index, follow, max-snippet:-1, max-image-preview:large, max-video-preview:-1\" \/>\n<link rel=\"canonical\" href=\"https:\/\/ordination-schwarzau.at\/index.php\/2025\/02\/28\/456\/\" \/>\n<meta property=\"og:locale\" content=\"de_DE\" \/>\n<meta property=\"og:type\" content=\"article\" \/>\n<meta property=\"og:title\" content=\"Ank\u00fcndigung - Ordination Dr. Koderhold-Omasits\" \/>\n<meta property=\"og:description\" content=\"Im Rahmen des DIABETES-AKTIV-PROGRAMMES der \u00d6GK bieten wir durch ein professionelles ausgebildetes Team mit Dr. ZAVROU und DGKP SCHERLEITHNER Gruppenschulungen f\u00fcr Patienten mit Diabetes an. Das n\u00e4chste Schulungsmodul besteht aus 3 Termine ( 6.3.2025, 18.3.2025 und 25.3.2025) Ab sofort ist eine Anmeldung in der Ordination m\u00f6glich. Wir z\u00e4hlen auf IHR Interesse. Voraussichtliche Urlaubstage f\u00fcr 2025: J\u00e4nner 2025: 30.1.2025 April 2025: 14.4. bis 22.4. Juni 2025: 16.6. bis 18.6. Juli 2025: 21.7. bis 31.7. Oktober 2025: 27.10. bis 30.10. Dezember 2025: 22.12 und 23.12.\" \/>\n<meta property=\"og:url\" content=\"https:\/\/ordination-schwarzau.at\/index.php\/2025\/02\/28\/456\/\" \/>\n<meta property=\"og:site_name\" content=\"Ordination Dr. Koderhold-Omasits\" \/>\n<meta property=\"article:published_time\" content=\"2025-02-28T10:07:24+00:00\" \/>\n<meta property=\"article:modified_time\" content=\"2025-02-28T10:21:39+00:00\" \/>\n<meta property=\"og:image\" content=\"https:\/\/ordination-schwarzau.at\/wp-content\/uploads\/2025\/02\/diabetes_logo.png\" \/>\n\t<meta property=\"og:image:width\" content=\"900\" \/>\n\t<meta property=\"og:image:height\" content=\"253\" \/>\n\t<meta property=\"og:image:type\" content=\"image\/png\" \/>\n<meta name=\"author\" content=\"Dr. Judith Koderhold\" \/>\n<meta name=\"twitter:card\" content=\"summary_large_image\" \/>\n<meta name=\"twitter:label1\" content=\"Verfasst von\" \/>\n\t<meta name=\"twitter:data1\" content=\"Dr. Judith Koderhold\" \/>\n\t<meta name=\"twitter:label2\" content=\"Gesch\u00e4tzte Lesezeit\" \/>\n\t<meta name=\"twitter:data2\" content=\"1\u00a0Minute\" \/>\n<script type=\"application\/ld+json\" class=\"yoast-schema-graph\">{\"@context\":\"https:\\\/\\\/schema.org\",\"@graph\":[{\"@type\":\"Article\",\"@id\":\"https:\\\/\\\/ordination-schwarzau.at\\\/index.php\\\/2025\\\/02\\\/28\\\/456\\\/#article\",\"isPartOf\":{\"@id\":\"https:\\\/\\\/ordination-schwarzau.at\\\/index.php\\\/2025\\\/02\\\/28\\\/456\\\/\"},\"author\":{\"name\":\"Dr. Judith Koderhold\",\"@id\":\"https:\\\/\\\/ordination-schwarzau.at\\\/#\\\/schema\\\/person\\\/e5d109d25ea85fd564f296cd9008a338\"},\"headline\":\"Ank\u00fcndigung\",\"datePublished\":\"2025-02-28T10:07:24+00:00\",\"dateModified\":\"2025-02-28T10:21:39+00:00\",\"mainEntityOfPage\":{\"@id\":\"https:\\\/\\\/ordination-schwarzau.at\\\/index.php\\\/2025\\\/02\\\/28\\\/456\\\/\"},\"wordCount\":68,\"image\":{\"@id\":\"https:\\\/\\\/ordination-schwarzau.at\\\/index.php\\\/2025\\\/02\\\/28\\\/456\\\/#primaryimage\"},\"thumbnailUrl\":\"https:\\\/\\\/ordination-schwarzau.at\\\/wp-content\\\/uploads\\\/2025\\\/02\\\/diabetes_logo.png\",\"articleSection\":[\"Ank\u00fcndigung\"],\"inLanguage\":\"de\"},{\"@type\":\"WebPage\",\"@id\":\"https:\\\/\\\/ordination-schwarzau.at\\\/index.php\\\/2025\\\/02\\\/28\\\/456\\\/\",\"url\":\"https:\\\/\\\/ordination-schwarzau.at\\\/index.php\\\/2025\\\/02\\\/28\\\/456\\\/\",\"name\":\"Ank\u00fcndigung - Ordination Dr. Koderhold-Omasits\",\"isPartOf\":{\"@id\":\"https:\\\/\\\/ordination-schwarzau.at\\\/#website\"},\"primaryImageOfPage\":{\"@id\":\"https:\\\/\\\/ordination-schwarzau.at\\\/index.php\\\/2025\\\/02\\\/28\\\/456\\\/#primaryimage\"},\"image\":{\"@id\":\"https:\\\/\\\/ordination-schwarzau.at\\\/index.php\\\/2025\\\/02\\\/28\\\/456\\\/#primaryimage\"},\"thumbnailUrl\":\"https:\\\/\\\/ordination-schwarzau.at\\\/wp-content\\\/uploads\\\/2025\\\/02\\\/diabetes_logo.png\",\"datePublished\":\"2025-02-28T10:07:24+00:00\",\"dateModified\":\"2025-02-28T10:21:39+00:00\",\"author\":{\"@id\":\"https:\\\/\\\/ordination-schwarzau.at\\\/#\\\/schema\\\/person\\\/e5d109d25ea85fd564f296cd9008a338\"},\"breadcrumb\":{\"@id\":\"https:\\\/\\\/ordination-schwarzau.at\\\/index.php\\\/2025\\\/02\\\/28\\\/456\\\/#breadcrumb\"},\"inLanguage\":\"de\",\"potentialAction\":[{\"@type\":\"ReadAction\",\"target\":[\"https:\\\/\\\/ordination-schwarzau.at\\\/index.php\\\/2025\\\/02\\\/28\\\/456\\\/\"]}]},{\"@type\":\"ImageObject\",\"inLanguage\":\"de\",\"@id\":\"https:\\\/\\\/ordination-schwarzau.at\\\/index.php\\\/2025\\\/02\\\/28\\\/456\\\/#primaryimage\",\"url\":\"https:\\\/\\\/ordination-schwarzau.at\\\/wp-content\\\/uploads\\\/2025\\\/02\\\/diabetes_logo.png\",\"contentUrl\":\"https:\\\/\\\/ordination-schwarzau.at\\\/wp-content\\\/uploads\\\/2025\\\/02\\\/diabetes_logo.png\",\"width\":900,\"height\":253},{\"@type\":\"BreadcrumbList\",\"@id\":\"https:\\\/\\\/ordination-schwarzau.at\\\/index.php\\\/2025\\\/02\\\/28\\\/456\\\/#breadcrumb\",\"itemListElement\":[{\"@type\":\"ListItem\",\"position\":1,\"name\":\"Startseite\",\"item\":\"https:\\\/\\\/ordination-schwarzau.at\\\/\"},{\"@type\":\"ListItem\",\"position\":2,\"name\":\"Ank\u00fcndigung\"}]},{\"@type\":\"WebSite\",\"@id\":\"https:\\\/\\\/ordination-schwarzau.at\\\/#website\",\"url\":\"https:\\\/\\\/ordination-schwarzau.at\\\/\",\"name\":\"Ordination Dr. Koderhold-Omasits\",\"description\":\"\u00c4rztin f\u00fcr Allgemeinmedizin\",\"potentialAction\":[{\"@type\":\"SearchAction\",\"target\":{\"@type\":\"EntryPoint\",\"urlTemplate\":\"https:\\\/\\\/ordination-schwarzau.at\\\/?s={search_term_string}\"},\"query-input\":{\"@type\":\"PropertyValueSpecification\",\"valueRequired\":true,\"valueName\":\"search_term_string\"}}],\"inLanguage\":\"de\"},{\"@type\":\"Person\",\"@id\":\"https:\\\/\\\/ordination-schwarzau.at\\\/#\\\/schema\\\/person\\\/e5d109d25ea85fd564f296cd9008a338\",\"name\":\"Dr. Judith Koderhold\",\"image\":{\"@type\":\"ImageObject\",\"inLanguage\":\"de\",\"@id\":\"https:\\\/\\\/secure.gravatar.com\\\/avatar\\\/86394b7c17bd759a0203fe9848307891b2632fa41366606bbee9038a7dd8500e?s=96&d=mm&r=g\",\"url\":\"https:\\\/\\\/secure.gravatar.com\\\/avatar\\\/86394b7c17bd759a0203fe9848307891b2632fa41366606bbee9038a7dd8500e?s=96&d=mm&r=g\",\"contentUrl\":\"https:\\\/\\\/secure.gravatar.com\\\/avatar\\\/86394b7c17bd759a0203fe9848307891b2632fa41366606bbee9038a7dd8500e?s=96&d=mm&r=g\",\"caption\":\"Dr. Judith Koderhold\"},\"sameAs\":[\"http:\\\/\\\/www.ordination-schwarzau.at\"],\"url\":\"https:\\\/\\\/ordination-schwarzau.at\\\/index.php\\\/author\\\/judith_koderhold\\\/\"}]}<\/script>\n<!-- \/ Yoast SEO plugin. -->","yoast_head_json":{"title":"Ank\u00fcndigung - Ordination Dr. Koderhold-Omasits","robots":{"index":"index","follow":"follow","max-snippet":"max-snippet:-1","max-image-preview":"max-image-preview:large","max-video-preview":"max-video-preview:-1"},"canonical":"https:\/\/ordination-schwarzau.at\/index.php\/2025\/02\/28\/456\/","og_locale":"de_DE","og_type":"article","og_title":"Ank\u00fcndigung - Ordination Dr. Koderhold-Omasits","og_description":"Im Rahmen des DIABETES-AKTIV-PROGRAMMES der \u00d6GK bieten wir durch ein professionelles ausgebildetes Team mit Dr. ZAVROU und DGKP SCHERLEITHNER Gruppenschulungen f\u00fcr Patienten mit Diabetes an. Das n\u00e4chste Schulungsmodul besteht aus 3 Termine ( 6.3.2025, 18.3.2025 und 25.3.2025) Ab sofort ist eine Anmeldung in der Ordination m\u00f6glich. Wir z\u00e4hlen auf IHR Interesse. Voraussichtliche Urlaubstage f\u00fcr 2025: J\u00e4nner 2025: 30.1.2025 April 2025: 14.4. bis 22.4. Juni 2025: 16.6. bis 18.6. Juli 2025: 21.7. bis 31.7. Oktober 2025: 27.10. bis 30.10. Dezember 2025: 22.12 und 23.12.","og_url":"https:\/\/ordination-schwarzau.at\/index.php\/2025\/02\/28\/456\/","og_site_name":"Ordination Dr. Koderhold-Omasits","article_published_time":"2025-02-28T10:07:24+00:00","article_modified_time":"2025-02-28T10:21:39+00:00","og_image":[{"width":900,"height":253,"url":"https:\/\/ordination-schwarzau.at\/wp-content\/uploads\/2025\/02\/diabetes_logo.png","type":"image\/png"}],"author":"Dr. Judith Koderhold","twitter_card":"summary_large_image","twitter_misc":{"Verfasst von":"Dr. Judith Koderhold","Gesch\u00e4tzte Lesezeit":"1\u00a0Minute"},"schema":{"@context":"https:\/\/schema.org","@graph":[{"@type":"Article","@id":"https:\/\/ordination-schwarzau.at\/index.php\/2025\/02\/28\/456\/#article","isPartOf":{"@id":"https:\/\/ordination-schwarzau.at\/index.php\/2025\/02\/28\/456\/"},"author":{"name":"Dr. Judith Koderhold","@id":"https:\/\/ordination-schwarzau.at\/#\/schema\/person\/e5d109d25ea85fd564f296cd9008a338"},"headline":"Ank\u00fcndigung","datePublished":"2025-02-28T10:07:24+00:00","dateModified":"2025-02-28T10:21:39+00:00","mainEntityOfPage":{"@id":"https:\/\/ordination-schwarzau.at\/index.php\/2025\/02\/28\/456\/"},"wordCount":68,"image":{"@id":"https:\/\/ordination-schwarzau.at\/index.php\/2025\/02\/28\/456\/#primaryimage"},"thumbnailUrl":"https:\/\/ordination-schwarzau.at\/wp-content\/uploads\/2025\/02\/diabetes_logo.png","articleSection":["Ank\u00fcndigung"],"inLanguage":"de"},{"@type":"WebPage","@id":"https:\/\/ordination-schwarzau.at\/index.php\/2025\/02\/28\/456\/","url":"https:\/\/ordination-schwarzau.at\/index.php\/2025\/02\/28\/456\/","name":"Ank\u00fcndigung - Ordination Dr. Koderhold-Omasits","isPartOf":{"@id":"https:\/\/ordination-schwarzau.at\/#website"},"primaryImageOfPage":{"@id":"https:\/\/ordination-schwarzau.at\/index.php\/2025\/02\/28\/456\/#primaryimage"},"image":{"@id":"https:\/\/ordination-schwarzau.at\/index.php\/2025\/02\/28\/456\/#primaryimage"},"thumbnailUrl":"https:\/\/ordination-schwarzau.at\/wp-content\/uploads\/2025\/02\/diabetes_logo.png","datePublished":"2025-02-28T10:07:24+00:00","dateModified":"2025-02-28T10:21:39+00:00","author":{"@id":"https:\/\/ordination-schwarzau.at\/#\/schema\/person\/e5d109d25ea85fd564f296cd9008a338"},"breadcrumb":{"@id":"https:\/\/ordination-schwarzau.at\/index.php\/2025\/02\/28\/456\/#breadcrumb"},"inLanguage":"de","potentialAction":[{"@type":"ReadAction","target":["https:\/\/ordination-schwarzau.at\/index.php\/2025\/02\/28\/456\/"]}]},{"@type":"ImageObject","inLanguage":"de","@id":"https:\/\/ordination-schwarzau.at\/index.php\/2025\/02\/28\/456\/#primaryimage","url":"https:\/\/ordination-schwarzau.at\/wp-content\/uploads\/2025\/02\/diabetes_logo.png","contentUrl":"https:\/\/ordination-schwarzau.at\/wp-content\/uploads\/2025\/02\/diabetes_logo.png","width":900,"height":253},{"@type":"BreadcrumbList","@id":"https:\/\/ordination-schwarzau.at\/index.php\/2025\/02\/28\/456\/#breadcrumb","itemListElement":[{"@type":"ListItem","position":1,"name":"Startseite","item":"https:\/\/ordination-schwarzau.at\/"},{"@type":"ListItem","position":2,"name":"Ank\u00fcndigung"}]},{"@type":"WebSite","@id":"https:\/\/ordination-schwarzau.at\/#website","url":"https:\/\/ordination-schwarzau.at\/","name":"Ordination Dr. Koderhold-Omasits","description":"\u00c4rztin f\u00fcr Allgemeinmedizin","potentialAction":[{"@type":"SearchAction","target":{"@type":"EntryPoint","urlTemplate":"https:\/\/ordination-schwarzau.at\/?s={search_term_string}"},"query-input":{"@type":"PropertyValueSpecification","valueRequired":true,"valueName":"search_term_string"}}],"inLanguage":"de"},{"@type":"Person","@id":"https:\/\/ordination-schwarzau.at\/#\/schema\/person\/e5d109d25ea85fd564f296cd9008a338","name":"Dr. Judith Koderhold","image":{"@type":"ImageObject","inLanguage":"de","@id":"https:\/\/secure.gravatar.com\/avatar\/86394b7c17bd759a0203fe9848307891b2632fa41366606bbee9038a7dd8500e?s=96&d=mm&r=g","url":"https:\/\/secure.gravatar.com\/avatar\/86394b7c17bd759a0203fe9848307891b2632fa41366606bbee9038a7dd8500e?s=96&d=mm&r=g","contentUrl":"https:\/\/secure.gravatar.com\/avatar\/86394b7c17bd759a0203fe9848307891b2632fa41366606bbee9038a7dd8500e?s=96&d=mm&r=g","caption":"Dr. Judith Koderhold"},"sameAs":["http:\/\/www.ordination-schwarzau.at"],"url":"https:\/\/ordination-schwarzau.at\/index.php\/author\/judith_koderhold\/"}]}},"_links":{"self":[{"href":"https:\/\/ordination-schwarzau.at\/index.php\/wp-json\/wp\/v2\/posts\/456","targetHints":{"allow":["GET"]}}],"collection":[{"href":"https:\/\/ordination-schwarzau.at\/index.php\/wp-json\/wp\/v2\/posts"}],"about":[{"href":"https:\/\/ordination-schwarzau.at\/index.php\/wp-json\/wp\/v2\/types\/post"}],"author":[{"embeddable":true,"href":"https:\/\/ordination-schwarzau.at\/index.php\/wp-json\/wp\/v2\/users\/2"}],"replies":[{"embeddable":true,"href":"https:\/\/ordination-schwarzau.at\/index.php\/wp-json\/wp\/v2\/comments?post=456"}],"version-history":[{"count":3,"href":"https:\/\/ordination-schwarzau.at\/index.php\/wp-json\/wp\/v2\/posts\/456\/revisions"}],"predecessor-version":[{"id":459,"href":"https:\/\/ordination-schwarzau.at\/index.php\/wp-json\/wp\/v2\/posts\/456\/revisions\/459"}],"wp:featuredmedia":[{"embeddable":true,"href":"https:\/\/ordination-schwarzau.at\/index.php\/wp-json\/wp\/v2\/media\/468"}],"wp:attachment":[{"href":"https:\/\/ordination-schwarzau.at\/index.php\/wp-json\/wp\/v2\/media?parent=456"}],"wp:term":[{"taxonomy":"category","embeddable":true,"href":"https:\/\/ordination-schwarzau.at\/index.php\/wp-json\/wp\/v2\/categories?post=456"},{"taxonomy":"post_tag","embeddable":true,"href":"https:\/\/ordination-schwarzau.at\/index.php\/wp-json\/wp\/v2\/tags?post=456"}],"curies":[{"name":"wp","href":"https:\/\/api.w.org\/{rel}","templated":true}]}}