{"id":480,"date":"2025-04-10T14:09:00","date_gmt":"2025-04-10T14:09:00","guid":{"rendered":"https:\/\/ordination-schwarzau.at\/?p=480"},"modified":"2025-04-10T14:09:00","modified_gmt":"2025-04-10T14:09:00","slug":"urlaub","status":"publish","type":"post","link":"https:\/\/ordination-schwarzau.at\/index.php\/2025\/04\/10\/urlaub\/","title":{"rendered":"URLAUB"},"content":{"rendered":"<p style=\"text-align: center\">Unsere Ordination ist von Montag, den 14.4.2025 bis einschlie\u00dflich Dienstag, den 22.04.2025 geschlossen.<\/p>\n<p style=\"text-align: center\">N\u00e4chste Ordination findet am Mittwoch, den 23.04.2025 statt!<\/p>\n<p style=\"text-align: center\">\n<p style=\"text-align: center\">Wir, das Ordinationsteam w\u00fcnschen FROHE OSTERN und bleiben Sie gesund!<\/p>\n","protected":false},"excerpt":{"rendered":"<p>Unsere Ordination ist von Montag, den 14.4.2025 bis einschlie\u00dflich Dienstag, den 22.04.2025 geschlossen. N\u00e4chste Ordination findet am Mittwoch, den 23.04.2025 statt! Wir, das Ordinationsteam w\u00fcnschen FROHE OSTERN und bleiben Sie gesund!<\/p>\n","protected":false},"author":2,"featured_media":0,"comment_status":"closed","ping_status":"closed","sticky":false,"template":"","format":"standard","meta":{"footnotes":""},"categories":[11],"tags":[],"class_list":["post-480","post","type-post","status-publish","format-standard","hentry","category-ankuendigung"],"yoast_head":"<!-- This site is optimized with the Yoast SEO plugin v27.5 - https:\/\/yoast.com\/product\/yoast-seo-wordpress\/ -->\n<title>URLAUB - Ordination Dr. Koderhold-Omasits<\/title>\n<meta name=\"robots\" content=\"index, follow, max-snippet:-1, max-image-preview:large, max-video-preview:-1\" \/>\n<link rel=\"canonical\" href=\"https:\/\/ordination-schwarzau.at\/index.php\/2025\/04\/10\/urlaub\/\" \/>\n<meta property=\"og:locale\" content=\"de_DE\" \/>\n<meta property=\"og:type\" content=\"article\" \/>\n<meta property=\"og:title\" content=\"URLAUB - Ordination Dr. Koderhold-Omasits\" \/>\n<meta property=\"og:description\" content=\"Unsere Ordination ist von Montag, den 14.4.2025 bis einschlie\u00dflich Dienstag, den 22.04.2025 geschlossen. N\u00e4chste Ordination findet am Mittwoch, den 23.04.2025 statt! Wir, das Ordinationsteam w\u00fcnschen FROHE OSTERN und bleiben Sie gesund!\" \/>\n<meta property=\"og:url\" content=\"https:\/\/ordination-schwarzau.at\/index.php\/2025\/04\/10\/urlaub\/\" \/>\n<meta property=\"og:site_name\" content=\"Ordination Dr. Koderhold-Omasits\" \/>\n<meta property=\"article:published_time\" content=\"2025-04-10T14:09:00+00:00\" \/>\n<meta name=\"author\" content=\"Dr. Judith Koderhold\" \/>\n<meta name=\"twitter:card\" content=\"summary_large_image\" \/>\n<meta name=\"twitter:label1\" content=\"Verfasst von\" \/>\n\t<meta name=\"twitter:data1\" content=\"Dr. Judith Koderhold\" \/>\n<script type=\"application\/ld+json\" class=\"yoast-schema-graph\">{\"@context\":\"https:\\\/\\\/schema.org\",\"@graph\":[{\"@type\":\"Article\",\"@id\":\"https:\\\/\\\/ordination-schwarzau.at\\\/index.php\\\/2025\\\/04\\\/10\\\/urlaub\\\/#article\",\"isPartOf\":{\"@id\":\"https:\\\/\\\/ordination-schwarzau.at\\\/index.php\\\/2025\\\/04\\\/10\\\/urlaub\\\/\"},\"author\":{\"name\":\"Dr. Judith Koderhold\",\"@id\":\"https:\\\/\\\/ordination-schwarzau.at\\\/#\\\/schema\\\/person\\\/e5d109d25ea85fd564f296cd9008a338\"},\"headline\":\"URLAUB\",\"datePublished\":\"2025-04-10T14:09:00+00:00\",\"mainEntityOfPage\":{\"@id\":\"https:\\\/\\\/ordination-schwarzau.at\\\/index.php\\\/2025\\\/04\\\/10\\\/urlaub\\\/\"},\"wordCount\":32,\"articleSection\":[\"Ank\u00fcndigung\"],\"inLanguage\":\"de\"},{\"@type\":\"WebPage\",\"@id\":\"https:\\\/\\\/ordination-schwarzau.at\\\/index.php\\\/2025\\\/04\\\/10\\\/urlaub\\\/\",\"url\":\"https:\\\/\\\/ordination-schwarzau.at\\\/index.php\\\/2025\\\/04\\\/10\\\/urlaub\\\/\",\"name\":\"URLAUB - Ordination Dr. Koderhold-Omasits\",\"isPartOf\":{\"@id\":\"https:\\\/\\\/ordination-schwarzau.at\\\/#website\"},\"datePublished\":\"2025-04-10T14:09:00+00:00\",\"author\":{\"@id\":\"https:\\\/\\\/ordination-schwarzau.at\\\/#\\\/schema\\\/person\\\/e5d109d25ea85fd564f296cd9008a338\"},\"breadcrumb\":{\"@id\":\"https:\\\/\\\/ordination-schwarzau.at\\\/index.php\\\/2025\\\/04\\\/10\\\/urlaub\\\/#breadcrumb\"},\"inLanguage\":\"de\",\"potentialAction\":[{\"@type\":\"ReadAction\",\"target\":[\"https:\\\/\\\/ordination-schwarzau.at\\\/index.php\\\/2025\\\/04\\\/10\\\/urlaub\\\/\"]}]},{\"@type\":\"BreadcrumbList\",\"@id\":\"https:\\\/\\\/ordination-schwarzau.at\\\/index.php\\\/2025\\\/04\\\/10\\\/urlaub\\\/#breadcrumb\",\"itemListElement\":[{\"@type\":\"ListItem\",\"position\":1,\"name\":\"Startseite\",\"item\":\"https:\\\/\\\/ordination-schwarzau.at\\\/\"},{\"@type\":\"ListItem\",\"position\":2,\"name\":\"URLAUB\"}]},{\"@type\":\"WebSite\",\"@id\":\"https:\\\/\\\/ordination-schwarzau.at\\\/#website\",\"url\":\"https:\\\/\\\/ordination-schwarzau.at\\\/\",\"name\":\"Ordination Dr. Koderhold-Omasits\",\"description\":\"\u00c4rztin f\u00fcr Allgemeinmedizin\",\"potentialAction\":[{\"@type\":\"SearchAction\",\"target\":{\"@type\":\"EntryPoint\",\"urlTemplate\":\"https:\\\/\\\/ordination-schwarzau.at\\\/?s={search_term_string}\"},\"query-input\":{\"@type\":\"PropertyValueSpecification\",\"valueRequired\":true,\"valueName\":\"search_term_string\"}}],\"inLanguage\":\"de\"},{\"@type\":\"Person\",\"@id\":\"https:\\\/\\\/ordination-schwarzau.at\\\/#\\\/schema\\\/person\\\/e5d109d25ea85fd564f296cd9008a338\",\"name\":\"Dr. Judith Koderhold\",\"image\":{\"@type\":\"ImageObject\",\"inLanguage\":\"de\",\"@id\":\"https:\\\/\\\/secure.gravatar.com\\\/avatar\\\/86394b7c17bd759a0203fe9848307891b2632fa41366606bbee9038a7dd8500e?s=96&d=mm&r=g\",\"url\":\"https:\\\/\\\/secure.gravatar.com\\\/avatar\\\/86394b7c17bd759a0203fe9848307891b2632fa41366606bbee9038a7dd8500e?s=96&d=mm&r=g\",\"contentUrl\":\"https:\\\/\\\/secure.gravatar.com\\\/avatar\\\/86394b7c17bd759a0203fe9848307891b2632fa41366606bbee9038a7dd8500e?s=96&d=mm&r=g\",\"caption\":\"Dr. Judith Koderhold\"},\"sameAs\":[\"http:\\\/\\\/www.ordination-schwarzau.at\"],\"url\":\"https:\\\/\\\/ordination-schwarzau.at\\\/index.php\\\/author\\\/judith_koderhold\\\/\"}]}<\/script>\n<!-- \/ Yoast SEO plugin. -->","yoast_head_json":{"title":"URLAUB - Ordination Dr. Koderhold-Omasits","robots":{"index":"index","follow":"follow","max-snippet":"max-snippet:-1","max-image-preview":"max-image-preview:large","max-video-preview":"max-video-preview:-1"},"canonical":"https:\/\/ordination-schwarzau.at\/index.php\/2025\/04\/10\/urlaub\/","og_locale":"de_DE","og_type":"article","og_title":"URLAUB - Ordination Dr. Koderhold-Omasits","og_description":"Unsere Ordination ist von Montag, den 14.4.2025 bis einschlie\u00dflich Dienstag, den 22.04.2025 geschlossen. N\u00e4chste Ordination findet am Mittwoch, den 23.04.2025 statt! Wir, das Ordinationsteam w\u00fcnschen FROHE OSTERN und bleiben Sie gesund!","og_url":"https:\/\/ordination-schwarzau.at\/index.php\/2025\/04\/10\/urlaub\/","og_site_name":"Ordination Dr. Koderhold-Omasits","article_published_time":"2025-04-10T14:09:00+00:00","author":"Dr. Judith Koderhold","twitter_card":"summary_large_image","twitter_misc":{"Verfasst von":"Dr. Judith Koderhold"},"schema":{"@context":"https:\/\/schema.org","@graph":[{"@type":"Article","@id":"https:\/\/ordination-schwarzau.at\/index.php\/2025\/04\/10\/urlaub\/#article","isPartOf":{"@id":"https:\/\/ordination-schwarzau.at\/index.php\/2025\/04\/10\/urlaub\/"},"author":{"name":"Dr. Judith Koderhold","@id":"https:\/\/ordination-schwarzau.at\/#\/schema\/person\/e5d109d25ea85fd564f296cd9008a338"},"headline":"URLAUB","datePublished":"2025-04-10T14:09:00+00:00","mainEntityOfPage":{"@id":"https:\/\/ordination-schwarzau.at\/index.php\/2025\/04\/10\/urlaub\/"},"wordCount":32,"articleSection":["Ank\u00fcndigung"],"inLanguage":"de"},{"@type":"WebPage","@id":"https:\/\/ordination-schwarzau.at\/index.php\/2025\/04\/10\/urlaub\/","url":"https:\/\/ordination-schwarzau.at\/index.php\/2025\/04\/10\/urlaub\/","name":"URLAUB - Ordination Dr. Koderhold-Omasits","isPartOf":{"@id":"https:\/\/ordination-schwarzau.at\/#website"},"datePublished":"2025-04-10T14:09:00+00:00","author":{"@id":"https:\/\/ordination-schwarzau.at\/#\/schema\/person\/e5d109d25ea85fd564f296cd9008a338"},"breadcrumb":{"@id":"https:\/\/ordination-schwarzau.at\/index.php\/2025\/04\/10\/urlaub\/#breadcrumb"},"inLanguage":"de","potentialAction":[{"@type":"ReadAction","target":["https:\/\/ordination-schwarzau.at\/index.php\/2025\/04\/10\/urlaub\/"]}]},{"@type":"BreadcrumbList","@id":"https:\/\/ordination-schwarzau.at\/index.php\/2025\/04\/10\/urlaub\/#breadcrumb","itemListElement":[{"@type":"ListItem","position":1,"name":"Startseite","item":"https:\/\/ordination-schwarzau.at\/"},{"@type":"ListItem","position":2,"name":"URLAUB"}]},{"@type":"WebSite","@id":"https:\/\/ordination-schwarzau.at\/#website","url":"https:\/\/ordination-schwarzau.at\/","name":"Ordination Dr. Koderhold-Omasits","description":"\u00c4rztin f\u00fcr Allgemeinmedizin","potentialAction":[{"@type":"SearchAction","target":{"@type":"EntryPoint","urlTemplate":"https:\/\/ordination-schwarzau.at\/?s={search_term_string}"},"query-input":{"@type":"PropertyValueSpecification","valueRequired":true,"valueName":"search_term_string"}}],"inLanguage":"de"},{"@type":"Person","@id":"https:\/\/ordination-schwarzau.at\/#\/schema\/person\/e5d109d25ea85fd564f296cd9008a338","name":"Dr. Judith Koderhold","image":{"@type":"ImageObject","inLanguage":"de","@id":"https:\/\/secure.gravatar.com\/avatar\/86394b7c17bd759a0203fe9848307891b2632fa41366606bbee9038a7dd8500e?s=96&d=mm&r=g","url":"https:\/\/secure.gravatar.com\/avatar\/86394b7c17bd759a0203fe9848307891b2632fa41366606bbee9038a7dd8500e?s=96&d=mm&r=g","contentUrl":"https:\/\/secure.gravatar.com\/avatar\/86394b7c17bd759a0203fe9848307891b2632fa41366606bbee9038a7dd8500e?s=96&d=mm&r=g","caption":"Dr. Judith Koderhold"},"sameAs":["http:\/\/www.ordination-schwarzau.at"],"url":"https:\/\/ordination-schwarzau.at\/index.php\/author\/judith_koderhold\/"}]}},"_links":{"self":[{"href":"https:\/\/ordination-schwarzau.at\/index.php\/wp-json\/wp\/v2\/posts\/480","targetHints":{"allow":["GET"]}}],"collection":[{"href":"https:\/\/ordination-schwarzau.at\/index.php\/wp-json\/wp\/v2\/posts"}],"about":[{"href":"https:\/\/ordination-schwarzau.at\/index.php\/wp-json\/wp\/v2\/types\/post"}],"author":[{"embeddable":true,"href":"https:\/\/ordination-schwarzau.at\/index.php\/wp-json\/wp\/v2\/users\/2"}],"replies":[{"embeddable":true,"href":"https:\/\/ordination-schwarzau.at\/index.php\/wp-json\/wp\/v2\/comments?post=480"}],"version-history":[{"count":1,"href":"https:\/\/ordination-schwarzau.at\/index.php\/wp-json\/wp\/v2\/posts\/480\/revisions"}],"predecessor-version":[{"id":481,"href":"https:\/\/ordination-schwarzau.at\/index.php\/wp-json\/wp\/v2\/posts\/480\/revisions\/481"}],"wp:attachment":[{"href":"https:\/\/ordination-schwarzau.at\/index.php\/wp-json\/wp\/v2\/media?parent=480"}],"wp:term":[{"taxonomy":"category","embeddable":true,"href":"https:\/\/ordination-schwarzau.at\/index.php\/wp-json\/wp\/v2\/categories?post=480"},{"taxonomy":"post_tag","embeddable":true,"href":"https:\/\/ordination-schwarzau.at\/index.php\/wp-json\/wp\/v2\/tags?post=480"}],"curies":[{"name":"wp","href":"https:\/\/api.w.org\/{rel}","templated":true}]}}